{"id":101,"date":"2020-05-17T17:01:00","date_gmt":"2020-05-17T17:01:00","guid":{"rendered":"https:\/\/welight.live\/blog\/?p=101"},"modified":"2020-05-18T17:01:39","modified_gmt":"2020-05-18T17:01:39","slug":"dia-internacional-da-luta-contra-a-lgbtifobia-motiva-doacoes-para-instituicoes","status":"publish","type":"post","link":"https:\/\/welight.live\/blog\/2020\/05\/17\/dia-internacional-da-luta-contra-a-lgbtifobia-motiva-doacoes-para-instituicoes\/","title":{"rendered":"Dia internacional da luta contra a LGBTi+fobia motiva doa\u00e7\u00f5es para institui\u00e7\u00f5es"},"content":{"rendered":"\n<p>A data de 17 de maio \u00e9 considerada o Dia Internacional de Combate a LGBTIfobia, importante marco para o movimento LGBT.<\/p>\n\n\n\n<p>O dia lembra a exclus\u00e3o do termo homossexualismo da lista de dist\u00farbios mentais do C\u00f3digo Internacional de Doen\u00e7as, pela Organiza\u00e7\u00e3o Mundial de Sa\u00fade (OMS), em 1990.<\/p>\n\n\n\n<p>Neste ano, al\u00e9m de celebrar essas e outras conquistas, a comunidade tamb\u00e9m cobra por mais respeito \u00e0 vida dos LBGTI+ e algumas iniciativas ajudam a apoiar a causa e a comunidade.<\/p>\n\n\n\n<p>O Pride Bank, banco voltado para o p\u00fablico LGBTiI+ , criou uma campanha de arrecada\u00e7\u00e3o para que em tempo de combate ao COVID-19 todos possam apoiar institui\u00e7\u00f5es voltadas para a comunidade sem sair de casa.<\/p>\n\n\n\n<p>O endere\u00e7o da p\u00e1gina para doa\u00e7\u00e3o \u00e9 <a href=\"https:\/\/welight.live\/campanhacovidpridebank\/\">https:\/\/welight.live\/campanhacovidpridebank\/<\/a><\/p>\n\n\n\n<p><\/p>\n\n\n\n<p>Foto: Divulga\u00e7\u00e3o Pride Bank.<\/p>\n\n\n\n<p><\/p>\n","protected":false},"excerpt":{"rendered":"<p>A data de 17 de maio \u00e9 considerada o Dia Internacional de Combate a LGBTIfobia, importante marco para o movimento LGBT. O dia lembra a exclus\u00e3o do termo homossexualismo da lista de dist\u00farbios mentais do C\u00f3digo Internacional de Doen\u00e7as, pela Organiza\u00e7\u00e3o Mundial de Sa\u00fade (OMS), em 1990. Neste ano, al\u00e9m de celebrar essas e outras [&hellip;]<\/p>\n","protected":false},"author":1,"featured_media":102,"comment_status":"open","ping_status":"open","sticky":false,"template":"","format":"standard","meta":{"footnotes":""},"categories":[3,6,5],"tags":[],"class_list":["post-101","post","type-post","status-publish","format-standard","has-post-thumbnail","hentry","category-campanha","category-empresas-parceiras","category-ongs-parceiras"],"_links":{"self":[{"href":"https:\/\/welight.live\/blog\/wp-json\/wp\/v2\/posts\/101","targetHints":{"allow":["GET"]}}],"collection":[{"href":"https:\/\/welight.live\/blog\/wp-json\/wp\/v2\/posts"}],"about":[{"href":"https:\/\/welight.live\/blog\/wp-json\/wp\/v2\/types\/post"}],"author":[{"embeddable":true,"href":"https:\/\/welight.live\/blog\/wp-json\/wp\/v2\/users\/1"}],"replies":[{"embeddable":true,"href":"https:\/\/welight.live\/blog\/wp-json\/wp\/v2\/comments?post=101"}],"version-history":[{"count":1,"href":"https:\/\/welight.live\/blog\/wp-json\/wp\/v2\/posts\/101\/revisions"}],"predecessor-version":[{"id":103,"href":"https:\/\/welight.live\/blog\/wp-json\/wp\/v2\/posts\/101\/revisions\/103"}],"wp:featuredmedia":[{"embeddable":true,"href":"https:\/\/welight.live\/blog\/wp-json\/wp\/v2\/media\/102"}],"wp:attachment":[{"href":"https:\/\/welight.live\/blog\/wp-json\/wp\/v2\/media?parent=101"}],"wp:term":[{"taxonomy":"category","embeddable":true,"href":"https:\/\/welight.live\/blog\/wp-json\/wp\/v2\/categories?post=101"},{"taxonomy":"post_tag","embeddable":true,"href":"https:\/\/welight.live\/blog\/wp-json\/wp\/v2\/tags?post=101"}],"curies":[{"name":"wp","href":"https:\/\/api.w.org\/{rel}","templated":true}]}}