{"id":104,"date":"2020-05-18T19:23:14","date_gmt":"2020-05-18T19:23:14","guid":{"rendered":"https:\/\/welight.live\/blog\/?p=104"},"modified":"2020-05-21T17:07:13","modified_gmt":"2020-05-21T17:07:13","slug":"primeira-entrega-de-cestas-da-campanha-rj-solidario-e-realizada-no-jacarezinho","status":"publish","type":"post","link":"https:\/\/welight.live\/blog\/2020\/05\/18\/primeira-entrega-de-cestas-da-campanha-rj-solidario-e-realizada-no-jacarezinho\/","title":{"rendered":"Primeira entrega de cestas da campanha RJ Solid\u00e1rio \u00e9 realizada no Jacarezinho"},"content":{"rendered":"\t\t<div data-elementor-type=\"wp-post\" data-elementor-id=\"104\" class=\"elementor elementor-104\" data-elementor-post-type=\"post\">\n\t\t\t\t\t\t<section class=\"elementor-section elementor-top-section elementor-element elementor-element-67f0f505 elementor-section-boxed elementor-section-height-default elementor-section-height-default\" data-id=\"67f0f505\" data-element_type=\"section\">\n\t\t\t\t\t\t<div class=\"elementor-container elementor-column-gap-default\">\n\t\t\t\t\t<div class=\"elementor-column elementor-col-100 elementor-top-column elementor-element elementor-element-679cc3dd\" data-id=\"679cc3dd\" data-element_type=\"column\">\n\t\t\t<div class=\"elementor-widget-wrap elementor-element-populated\">\n\t\t\t\t\t\t<div class=\"elementor-element elementor-element-8425af9 elementor-widget elementor-widget-text-editor\" data-id=\"8425af9\" data-element_type=\"widget\" data-widget_type=\"text-editor.default\">\n\t\t\t\t<div class=\"elementor-widget-container\">\n\t\t\t\t\t\t\t\t\t\n<p>A Welight ajudou a realizar na \u00faltima semana a entrega de 95 cestas b\u00e1sicas para a comunidade do Jacarezinho, no Rio de Janeiro. A a\u00e7\u00e3o foi mobilizada em parceria com o Instituto JCRE na campanha RJ Solid\u00e1rio, que conta ainda com o apoio das organiza\u00e7\u00f5es Redes da Mar\u00e9 e Instituto Todos na Luta, ambos m comunidades no Rio de Janeiro.<\/p>\n\n\n\n<p>J\u00e1 foi poss\u00edvel abastecer 200 fam\u00edlias com cestas de alimentos e produtos de higiene. S\u00f3 o Instituto JCRE j\u00e1 atendeu 556 fam\u00edlias desde que come\u00e7ou a campanha, que al\u00e9m de distribuir cestas b\u00e1sicas, conscientiza a popula\u00e7\u00e3o a lavar as m\u00e3os e realizar a higieniza\u00e7\u00e3o com \u00e1lcool gel.<\/p>\n\t\t\t\t\t\t\t\t<\/div>\n\t\t\t\t<\/div>\n\t\t\t\t\t<\/div>\n\t\t<\/div>\n\t\t\t\t\t<\/div>\n\t\t<\/section>\n\t\t\t\t<section class=\"elementor-section elementor-top-section elementor-element elementor-element-4ab9d5a elementor-section-height-min-height elementor-section-boxed elementor-section-height-default elementor-section-items-middle\" data-id=\"4ab9d5a\" data-element_type=\"section\">\n\t\t\t\t\t\t<div class=\"elementor-container elementor-column-gap-default\">\n\t\t\t\t\t<div class=\"elementor-column elementor-col-100 elementor-top-column elementor-element elementor-element-710d7ee\" data-id=\"710d7ee\" data-element_type=\"column\">\n\t\t\t<div class=\"elementor-widget-wrap elementor-element-populated\">\n\t\t\t\t\t\t<div class=\"elementor-element elementor-element-6ed310a elementor-widget elementor-widget-image-gallery\" data-id=\"6ed310a\" data-element_type=\"widget\" data-widget_type=\"image-gallery.default\">\n\t\t\t\t<div class=\"elementor-widget-container\">\n\t\t\t\t\t\t\t<div class=\"elementor-image-gallery\">\n\t\t\t<div id='gallery-1' class='gallery galleryid-104 gallery-columns-4 gallery-size-thumbnail'><figure class='gallery-item'>\n\t\t\t<div class='gallery-icon landscape'>\n\t\t\t\t<a data-elementor-open-lightbox=\"yes\" data-elementor-lightbox-slideshow=\"6ed310a\" data-elementor-lightbox-title=\"2020_05_08_COVID_JCRE_FOTO_IMG_2951\" data-e-action-hash=\"#elementor-action%3Aaction%3Dlightbox%26settings%3DeyJpZCI6MTA2LCJ1cmwiOiJodHRwczpcL1wvd2VsaWdodC5saXZlXC9ibG9nXC93cC1jb250ZW50XC91cGxvYWRzXC8yMDIwXC8wNVwvMjAyMF8wNV8wOF9DT1ZJRF9KQ1JFX0ZPVE9fSU1HXzI5NTEtc2NhbGVkLmpwZyIsInNsaWRlc2hvdyI6IjZlZDMxMGEifQ%3D%3D\" href='https:\/\/welight.live\/blog\/wp-content\/uploads\/2020\/05\/2020_05_08_COVID_JCRE_FOTO_IMG_2951-scaled.jpg'><img decoding=\"async\" width=\"150\" height=\"150\" src=\"https:\/\/welight.live\/blog\/wp-content\/uploads\/2020\/05\/2020_05_08_COVID_JCRE_FOTO_IMG_2951-150x150.jpg\" class=\"attachment-thumbnail size-thumbnail\" alt=\"\" \/><\/a>\n\t\t\t<\/div><\/figure><figure class='gallery-item'>\n\t\t\t<div class='gallery-icon landscape'>\n\t\t\t\t<a data-elementor-open-lightbox=\"yes\" data-elementor-lightbox-slideshow=\"6ed310a\" data-elementor-lightbox-title=\"2020_05_08_COVID_JCRE_FOTO_IMG_2946\" data-e-action-hash=\"#elementor-action%3Aaction%3Dlightbox%26settings%3DeyJpZCI6MTA4LCJ1cmwiOiJodHRwczpcL1wvd2VsaWdodC5saXZlXC9ibG9nXC93cC1jb250ZW50XC91cGxvYWRzXC8yMDIwXC8wNVwvMjAyMF8wNV8wOF9DT1ZJRF9KQ1JFX0ZPVE9fSU1HXzI5NDYtc2NhbGVkLmpwZyIsInNsaWRlc2hvdyI6IjZlZDMxMGEifQ%3D%3D\" href='https:\/\/welight.live\/blog\/wp-content\/uploads\/2020\/05\/2020_05_08_COVID_JCRE_FOTO_IMG_2946-scaled.jpg'><img decoding=\"async\" width=\"150\" height=\"150\" src=\"https:\/\/welight.live\/blog\/wp-content\/uploads\/2020\/05\/2020_05_08_COVID_JCRE_FOTO_IMG_2946-150x150.jpg\" class=\"attachment-thumbnail size-thumbnail\" alt=\"\" \/><\/a>\n\t\t\t<\/div><\/figure><figure class='gallery-item'>\n\t\t\t<div class='gallery-icon landscape'>\n\t\t\t\t<a data-elementor-open-lightbox=\"yes\" data-elementor-lightbox-slideshow=\"6ed310a\" data-elementor-lightbox-title=\"2020_05_08_COVID_JCRE_FOTO_IMG_2951\" data-e-action-hash=\"#elementor-action%3Aaction%3Dlightbox%26settings%3DeyJpZCI6MTA5LCJ1cmwiOiJodHRwczpcL1wvd2VsaWdodC5saXZlXC9ibG9nXC93cC1jb250ZW50XC91cGxvYWRzXC8yMDIwXC8wNVwvMjAyMF8wNV8wOF9DT1ZJRF9KQ1JFX0ZPVE9fSU1HXzI5NTEtMS1zY2FsZWQuanBnIiwic2xpZGVzaG93IjoiNmVkMzEwYSJ9\" href='https:\/\/welight.live\/blog\/wp-content\/uploads\/2020\/05\/2020_05_08_COVID_JCRE_FOTO_IMG_2951-1-scaled.jpg'><img decoding=\"async\" width=\"150\" height=\"150\" src=\"https:\/\/welight.live\/blog\/wp-content\/uploads\/2020\/05\/2020_05_08_COVID_JCRE_FOTO_IMG_2951-1-150x150.jpg\" class=\"attachment-thumbnail size-thumbnail\" alt=\"\" \/><\/a>\n\t\t\t<\/div><\/figure>\n\t\t<\/div>\n\t\t<\/div>\n\t\t\t\t\t\t<\/div>\n\t\t\t\t<\/div>\n\t\t\t\t\t<\/div>\n\t\t<\/div>\n\t\t\t\t\t<\/div>\n\t\t<\/section>\n\t\t\t\t<\/div>\n\t\t","protected":false},"excerpt":{"rendered":"<p>A Welight ajudou a realizar na \u00faltima semana a entrega de 95 cestas b\u00e1sicas para a comunidade do Jacarezinho, no Rio de Janeiro. A a\u00e7\u00e3o foi mobilizada em parceria com o Instituto JCRE na campanha RJ Solid\u00e1rio, que conta ainda com o apoio das organiza\u00e7\u00f5es Redes da Mar\u00e9 e Instituto Todos na Luta, ambos m [&hellip;]<\/p>\n","protected":false},"author":1,"featured_media":106,"comment_status":"open","ping_status":"open","sticky":false,"template":"","format":"standard","meta":{"footnotes":""},"categories":[3,5],"tags":[],"class_list":["post-104","post","type-post","status-publish","format-standard","has-post-thumbnail","hentry","category-campanha","category-ongs-parceiras"],"_links":{"self":[{"href":"https:\/\/welight.live\/blog\/wp-json\/wp\/v2\/posts\/104","targetHints":{"allow":["GET"]}}],"collection":[{"href":"https:\/\/welight.live\/blog\/wp-json\/wp\/v2\/posts"}],"about":[{"href":"https:\/\/welight.live\/blog\/wp-json\/wp\/v2\/types\/post"}],"author":[{"embeddable":true,"href":"https:\/\/welight.live\/blog\/wp-json\/wp\/v2\/users\/1"}],"replies":[{"embeddable":true,"href":"https:\/\/welight.live\/blog\/wp-json\/wp\/v2\/comments?post=104"}],"version-history":[{"count":5,"href":"https:\/\/welight.live\/blog\/wp-json\/wp\/v2\/posts\/104\/revisions"}],"predecessor-version":[{"id":114,"href":"https:\/\/welight.live\/blog\/wp-json\/wp\/v2\/posts\/104\/revisions\/114"}],"wp:featuredmedia":[{"embeddable":true,"href":"https:\/\/welight.live\/blog\/wp-json\/wp\/v2\/media\/106"}],"wp:attachment":[{"href":"https:\/\/welight.live\/blog\/wp-json\/wp\/v2\/media?parent=104"}],"wp:term":[{"taxonomy":"category","embeddable":true,"href":"https:\/\/welight.live\/blog\/wp-json\/wp\/v2\/categories?post=104"},{"taxonomy":"post_tag","embeddable":true,"href":"https:\/\/welight.live\/blog\/wp-json\/wp\/v2\/tags?post=104"}],"curies":[{"name":"wp","href":"https:\/\/api.w.org\/{rel}","templated":true}]}}