{"id":21,"date":"2020-05-13T18:45:39","date_gmt":"2020-05-13T18:45:39","guid":{"rendered":"https:\/\/welight.live\/blog\/?p=21"},"modified":"2020-05-15T16:58:24","modified_gmt":"2020-05-15T16:58:24","slug":"coep-publica-campanha-da-fas-para-combate-ao-covid","status":"publish","type":"post","link":"https:\/\/welight.live\/blog\/2020\/05\/13\/coep-publica-campanha-da-fas-para-combate-ao-covid\/","title":{"rendered":"COEP publica campanha da FAS para combate ao COVID"},"content":{"rendered":"\n<p>A Rede Nacional de Mobilza\u00e7\u00e3o Social publicou sobre a Alian\u00e7a do Amazonas para enfrentamento \u00e0 pandemia, programa da FAS de combate ao COVID-19. Na publica\u00e7\u00e3o, est\u00e3o anexos os links para as campanhas de arrecada\u00e7\u00e3o, feitas em parceria com a Welight.<\/p>\n\n\n\n<p>Fonte: <a href=\"http:\/\/coepbrasil.org.br\/coronavirus\/alianca-do-amazonas-para-enfrentamento-a-pandemia\/\">http:\/\/coepbrasil.org.br\/coronavirus\/alianca-do-amazonas-para-enfrentamento-a-pandemia\/<\/a><\/p>\n","protected":false},"excerpt":{"rendered":"<p>A Rede Nacional de Mobilza\u00e7\u00e3o Social publicou sobre a Alian\u00e7a do Amazonas para enfrentamento \u00e0 pandemia, programa da FAS de combate ao COVID-19. Na publica\u00e7\u00e3o, est\u00e3o anexos os links para as campanhas de arrecada\u00e7\u00e3o, feitas em parceria com a Welight. Fonte: http:\/\/coepbrasil.org.br\/coronavirus\/alianca-do-amazonas-para-enfrentamento-a-pandemia\/<\/p>\n","protected":false},"author":1,"featured_media":79,"comment_status":"open","ping_status":"open","sticky":false,"template":"","format":"standard","meta":{"footnotes":""},"categories":[3,2],"tags":[],"class_list":["post-21","post","type-post","status-publish","format-standard","has-post-thumbnail","hentry","category-campanha","category-clipping"],"_links":{"self":[{"href":"https:\/\/welight.live\/blog\/wp-json\/wp\/v2\/posts\/21","targetHints":{"allow":["GET"]}}],"collection":[{"href":"https:\/\/welight.live\/blog\/wp-json\/wp\/v2\/posts"}],"about":[{"href":"https:\/\/welight.live\/blog\/wp-json\/wp\/v2\/types\/post"}],"author":[{"embeddable":true,"href":"https:\/\/welight.live\/blog\/wp-json\/wp\/v2\/users\/1"}],"replies":[{"embeddable":true,"href":"https:\/\/welight.live\/blog\/wp-json\/wp\/v2\/comments?post=21"}],"version-history":[{"count":1,"href":"https:\/\/welight.live\/blog\/wp-json\/wp\/v2\/posts\/21\/revisions"}],"predecessor-version":[{"id":23,"href":"https:\/\/welight.live\/blog\/wp-json\/wp\/v2\/posts\/21\/revisions\/23"}],"wp:featuredmedia":[{"embeddable":true,"href":"https:\/\/welight.live\/blog\/wp-json\/wp\/v2\/media\/79"}],"wp:attachment":[{"href":"https:\/\/welight.live\/blog\/wp-json\/wp\/v2\/media?parent=21"}],"wp:term":[{"taxonomy":"category","embeddable":true,"href":"https:\/\/welight.live\/blog\/wp-json\/wp\/v2\/categories?post=21"},{"taxonomy":"post_tag","embeddable":true,"href":"https:\/\/welight.live\/blog\/wp-json\/wp\/v2\/tags?post=21"}],"curies":[{"name":"wp","href":"https:\/\/api.w.org\/{rel}","templated":true}]}}