{"id":27,"date":"2020-05-14T12:53:42","date_gmt":"2020-05-14T12:53:42","guid":{"rendered":"https:\/\/welight.live\/blog\/?p=27"},"modified":"2020-05-15T16:42:16","modified_gmt":"2020-05-15T16:42:16","slug":"revista-eletronica-do-terceiro-setor-destaca-campanha-contra-o-covid-19-em-comunidades-remotas","status":"publish","type":"post","link":"https:\/\/welight.live\/blog\/2020\/05\/14\/revista-eletronica-do-terceiro-setor-destaca-campanha-contra-o-covid-19-em-comunidades-remotas\/","title":{"rendered":"Revista Eletr\u00f4nica do Terceiro Setor destaca campanha contra o COVID-19 em comunidades remotas"},"content":{"rendered":"\n<p>No dia 18 de abril, a Revista Eletr\u00f4nica do Terceiro Setor publicou um artigo falando sobre o projeto Alian\u00e7a dos povos ind\u00edgenas e popula\u00e7\u00f5es tradicionais e organiza\u00e7\u00f5es parceiras do Amazonas para o enfrentamento do coronav\u00edrus, articulada pela Funda\u00e7\u00e3o Amazonas Sustent\u00e1vel (FAS) e que tem como parceira a Welight na arrecada\u00e7\u00e3o de recursos pelo site <a href=\"http:\/\/welight.io\/combate-covid-no-am\">welight.io\/combate-covid-no-am<\/a><\/p>\n\n\n\n<p>Fonte: <a href=\"https:\/\/rets.org.br\/node\/20405\">https:\/\/rets.org.br\/node\/20405<\/a><\/p>\n\n\n\n<p>Foto: Divulga\u00e7\u00e3o FAS<\/p>\n","protected":false},"excerpt":{"rendered":"<p>No dia 18 de abril, a Revista Eletr\u00f4nica do Terceiro Setor publicou um artigo falando sobre o projeto Alian\u00e7a dos povos ind\u00edgenas e popula\u00e7\u00f5es tradicionais e organiza\u00e7\u00f5es parceiras do Amazonas para o enfrentamento do coronav\u00edrus, articulada pela Funda\u00e7\u00e3o Amazonas Sustent\u00e1vel (FAS) e que tem como parceira a Welight na arrecada\u00e7\u00e3o de recursos pelo site welight.io\/combate-covid-no-am [&hellip;]<\/p>\n","protected":false},"author":1,"featured_media":28,"comment_status":"open","ping_status":"open","sticky":false,"template":"","format":"standard","meta":{"footnotes":""},"categories":[3,2],"tags":[],"class_list":["post-27","post","type-post","status-publish","format-standard","has-post-thumbnail","hentry","category-campanha","category-clipping"],"_links":{"self":[{"href":"https:\/\/welight.live\/blog\/wp-json\/wp\/v2\/posts\/27","targetHints":{"allow":["GET"]}}],"collection":[{"href":"https:\/\/welight.live\/blog\/wp-json\/wp\/v2\/posts"}],"about":[{"href":"https:\/\/welight.live\/blog\/wp-json\/wp\/v2\/types\/post"}],"author":[{"embeddable":true,"href":"https:\/\/welight.live\/blog\/wp-json\/wp\/v2\/users\/1"}],"replies":[{"embeddable":true,"href":"https:\/\/welight.live\/blog\/wp-json\/wp\/v2\/comments?post=27"}],"version-history":[{"count":2,"href":"https:\/\/welight.live\/blog\/wp-json\/wp\/v2\/posts\/27\/revisions"}],"predecessor-version":[{"id":76,"href":"https:\/\/welight.live\/blog\/wp-json\/wp\/v2\/posts\/27\/revisions\/76"}],"wp:featuredmedia":[{"embeddable":true,"href":"https:\/\/welight.live\/blog\/wp-json\/wp\/v2\/media\/28"}],"wp:attachment":[{"href":"https:\/\/welight.live\/blog\/wp-json\/wp\/v2\/media?parent=27"}],"wp:term":[{"taxonomy":"category","embeddable":true,"href":"https:\/\/welight.live\/blog\/wp-json\/wp\/v2\/categories?post=27"},{"taxonomy":"post_tag","embeddable":true,"href":"https:\/\/welight.live\/blog\/wp-json\/wp\/v2\/tags?post=27"}],"curies":[{"name":"wp","href":"https:\/\/api.w.org\/{rel}","templated":true}]}}