{"id":5,"date":"2020-05-12T13:10:58","date_gmt":"2020-05-12T13:10:58","guid":{"rendered":"https:\/\/welight.live\/blog\/?p=5"},"modified":"2020-05-15T17:25:01","modified_gmt":"2020-05-15T17:25:01","slug":"alianca-com-fas-promove-campanha-de-prevencao-do-covid-no-amazonas","status":"publish","type":"post","link":"https:\/\/welight.live\/blog\/2020\/05\/12\/alianca-com-fas-promove-campanha-de-prevencao-do-covid-no-amazonas\/","title":{"rendered":"Alian\u00e7a com FAS promove campanha de preven\u00e7\u00e3o do COVID no Amazonas"},"content":{"rendered":"\n<p>No dia 26 de abril a atriz Christiane Torloni e a cantora M\u00e1rcia Novo fizeram uma live com o objetivo de arrecadar recursos para minimizar os efeitos da pandemia do coronav\u00edrus entre povos ind\u00edgenas e popula\u00e7\u00f5es tradicionais do Amazonas e o portal de not\u00edcias da Funda\u00e7\u00e3o Amazona Sustent\u00e1vel (FAS) compartilhou a not\u00edcia.<\/p>\n\n\n\n<p>Para contribuir com a\u00e7\u00f5es de preven\u00e7\u00e3o e atendimento de sa\u00fade para 19 mil fam\u00edlias em comunidades remotas da Amaz\u00f4nia, apoie a \u201cAlian\u00e7a para o enfrentamento da crise do novo Coronav\u00edrus para as popula\u00e7\u00f5es ribeirinhas e povos ind\u00edgenas do Amazonas&#8221; \u00e9 s\u00f3 acessar <a href=\"https:\/\/welight.io\/combate-covid-no-am\">welight.io\/combate-covid-no-am<\/a>. A alian\u00e7a \u00e9 coordenada pela FAS e tem a participa\u00e7\u00e3o de 41 institui\u00e7\u00f5es p\u00fablicas, privadas e da sociedade civil.<\/p>\n\n\n\n<p><\/p>\n\n\n\n<p>Fonte: <a href=\"https:\/\/fas-amazonas.org\/em-prol-dos-povos-indigenas-e-populacoes-isoladas-do-amazonas-christiane-torloni-e-marcia-novo-farao-live-no-proximo-domingo-26\/\"><a href=\"https:\/\/fas-amazonas.org\/em-prol-dos-povos-indigenas-e-populacoes-isoladas-do-amazonas-christiane-torloni-e-marcia-novo-farao-live-no-proximo-domingo-26\/\">https:\/\/fas-amazonas.org\/em-prol-dos-povos-indigenas-e-populacoes-isoladas-do-amazonas-christiane-torloni-e-marcia-novo-farao-live-no-proximo-domingo-26\/<\/a><\/a><\/p>\n\n\n\n<p>Foto: Divulga\u00e7\u00e3o FAS<\/p>\n","protected":false},"excerpt":{"rendered":"<p>No dia 26 de abril a atriz Christiane Torloni e a cantora M\u00e1rcia Novo fizeram uma live com o objetivo de arrecadar recursos para minimizar os efeitos da pandemia do coronav\u00edrus entre povos ind\u00edgenas e popula\u00e7\u00f5es tradicionais do Amazonas e o portal de not\u00edcias da Funda\u00e7\u00e3o Amazona Sustent\u00e1vel (FAS) compartilhou a not\u00edcia. Para contribuir com [&hellip;]<\/p>\n","protected":false},"author":1,"featured_media":6,"comment_status":"open","ping_status":"closed","sticky":false,"template":"","format":"standard","meta":{"footnotes":""},"categories":[3,2],"tags":[],"class_list":["post-5","post","type-post","status-publish","format-standard","has-post-thumbnail","hentry","category-campanha","category-clipping"],"_links":{"self":[{"href":"https:\/\/welight.live\/blog\/wp-json\/wp\/v2\/posts\/5","targetHints":{"allow":["GET"]}}],"collection":[{"href":"https:\/\/welight.live\/blog\/wp-json\/wp\/v2\/posts"}],"about":[{"href":"https:\/\/welight.live\/blog\/wp-json\/wp\/v2\/types\/post"}],"author":[{"embeddable":true,"href":"https:\/\/welight.live\/blog\/wp-json\/wp\/v2\/users\/1"}],"replies":[{"embeddable":true,"href":"https:\/\/welight.live\/blog\/wp-json\/wp\/v2\/comments?post=5"}],"version-history":[{"count":2,"href":"https:\/\/welight.live\/blog\/wp-json\/wp\/v2\/posts\/5\/revisions"}],"predecessor-version":[{"id":82,"href":"https:\/\/welight.live\/blog\/wp-json\/wp\/v2\/posts\/5\/revisions\/82"}],"wp:featuredmedia":[{"embeddable":true,"href":"https:\/\/welight.live\/blog\/wp-json\/wp\/v2\/media\/6"}],"wp:attachment":[{"href":"https:\/\/welight.live\/blog\/wp-json\/wp\/v2\/media?parent=5"}],"wp:term":[{"taxonomy":"category","embeddable":true,"href":"https:\/\/welight.live\/blog\/wp-json\/wp\/v2\/categories?post=5"},{"taxonomy":"post_tag","embeddable":true,"href":"https:\/\/welight.live\/blog\/wp-json\/wp\/v2\/tags?post=5"}],"curies":[{"name":"wp","href":"https:\/\/api.w.org\/{rel}","templated":true}]}}